{"id":573265,"date":"2026-08-28T19:11:54","date_gmt":"2026-08-28T22:11:54","guid":{"rendered":"https:\/\/portatilandaimes.com.br\/?p=573265"},"modified":"2026-08-28T19:11:54","modified_gmt":"2026-08-28T22:11:54","slug":"jak-stosowac-pro-anadrol-beligas-przewodnik-dla-poczatkujacych","status":"publish","type":"post","link":"https:\/\/portatilandaimes.com.br\/?p=573265","title":{"rendered":"Jak stosowa\u0107 Pro Anadrol Beligas: Przewodnik dla pocz\u0105tkuj\u0105cych"},"content":{"rendered":"<p>Pro Anadrol Beligas to popularny suplement diety stosowany przez wiele os\u00f3b d\u0105\u017c\u0105cych do zwi\u0119kszenia masy mi\u0119\u015bniowej oraz poprawy wydolno\u015bci fizycznej. W tym artykule przedstawimy, jak skutecznie stosowa\u0107 ten produkt oraz jakie efekty mo\u017cna osi\u0105gn\u0105\u0107.<\/p>\n<p>Strona internetowa z materia\u0142ami tematycznymi w Polsce zawiera wszystkie wa\u017cne informacje \u2013 odwied\u017a j\u0105 i sprawd\u017a teraz <a href=\"https:\/\/suplementmocy.com\/produkt\/produkt-pro-anadrol-beligas.html\">Pro Anadrol Beligas kupi\u0107 w Polsce<\/a> dla Pro Anadrol Beligas.<\/p>\n<h2>Spis tre\u015bci<\/h2>\n<ol>\n<li>Co to jest Pro Anadrol Beligas?<\/li>\n<li>Korzy\u015bci z stosowania Pro Anadrol Beligas<\/li>\n<li>Jak stosowa\u0107 Pro Anadrol Beligas?<\/li>\n<li>Potencjalne skutki uboczne<\/li>\n<li>Podsumowanie<\/li>\n<\/ol>\n<h2>1. Co to jest Pro Anadrol Beligas?<\/h2>\n<p>Pro Anadrol Beligas to suplement diety, kt\u00f3ry zawiera sk\u0142adniki maj\u0105ce na celu stymulacj\u0119 przyrostu masy mi\u0119\u015bniowej oraz zwi\u0119kszenie si\u0142y. Jest szczeg\u00f3lnie popularny w\u015br\u00f3d os\u00f3b trenuj\u0105cych kulturystyk\u0119 oraz sporty si\u0142owe.<\/p>\n<h2>2. Korzy\u015bci z stosowania Pro Anadrol Beligas<\/h2>\n<p>U\u017cytkownicy Pro Anadrol Beligas cz\u0119sto zauwa\u017caj\u0105:<\/p>\n<ul>\n<li>Przyspieszenie przyrostu masy mi\u0119\u015bniowej<\/li>\n<li>Zwi\u0119kszenie si\u0142y i wydolno\u015bci podczas trening\u00f3w<\/li>\n<li>Lepsze regeneracj\u0119 po wysi\u0142ku fizycznym<\/li>\n<\/ul>\n<h2>3. Jak stosowa\u0107 Pro Anadrol Beligas?<\/h2>\n<p>Aby uzyska\u0107 najlepsze rezultaty, nale\u017cy przestrzega\u0107 kilku zasad dotycz\u0105cych dawkowania:<\/p>\n<ol>\n<li>Rozpocznij od niskiej dawki, aby sprawdzi\u0107 reakcj\u0119 organizmu.<\/li>\n<li>Zaleca si\u0119 przyjmowanie 1-2 kapsu\u0142ek dziennie, najlepiej przed treningiem.<\/li>\n<li>Monitoruj swoje post\u0119py i dostosowuj dawkowanie, je\u015bli to konieczne.<\/li>\n<li>Stosuj suplement przez 8-12 tygodni, a nast\u0119pnie zr\u00f3b przerw\u0119 na co najmniej 4 tygodnie.<\/li>\n<\/ol>\n<h2>4. Potencjalne skutki uboczne<\/h2>\n<p>Jak ka\u017cdy suplement, Pro Anadrol Beligas mo\u017ce wywo\u0142ywa\u0107 skutki uboczne. Do najcz\u0119stszych z nich nale\u017c\u0105:<\/p>\n<ul>\n<li>Nudno\u015bci<\/li>\n<li>B\u00f3le g\u0142owy<\/li>\n<li>Problemy ze snem<\/li>\n<\/ul>\n<p>W przypadku wyst\u0105pienia powa\u017cnych objaw\u00f3w, nale\u017cy przerwa\u0107 stosowanie i skonsultowa\u0107 si\u0119 z lekarzem.<\/p>\n<h2>5. Podsumowanie<\/h2>\n<p>Pro Anadrol Beligas mo\u017ce by\u0107 skutecznym suplementem wspieraj\u0105cym rozw\u00f3j masy mi\u0119\u015bniowej oraz wydolno\u015bci fizycznej. Kluczem do sukcesu jest jednak odpowiednie stosowanie oraz monitorowanie reakcji organizmu. Pami\u0119taj, aby zawsze konsultowa\u0107 si\u0119 z profesjonalist\u0105 przed rozpocz\u0119ciem suplementacji.<\/p>\n","protected":false},"excerpt":{"rendered":"<p>Pro Anadrol Beligas to popularny suplement diety stosowany przez wiele os\u00f3b d\u0105\u017c\u0105cych do zwi\u0119kszenia masy mi\u0119\u015bniowej oraz poprawy wydolno\u015bci fizycznej. W tym artykule przedstawimy, jak skutecznie<span class=\"excerpt-hellip\"> [\u2026]<\/span><\/p>\n","protected":false},"author":1,"featured_media":0,"comment_status":"closed","ping_status":"closed","sticky":false,"template":"","format":"audio","meta":{"footnotes":""},"categories":[1],"tags":[],"class_list":["post-573265","post","type-post","status-publish","format-audio","hentry","category-sem-categoria","post_format-post-format-audio"],"_links":{"self":[{"href":"https:\/\/portatilandaimes.com.br\/index.php?rest_route=\/wp\/v2\/posts\/573265","targetHints":{"allow":["GET"]}}],"collection":[{"href":"https:\/\/portatilandaimes.com.br\/index.php?rest_route=\/wp\/v2\/posts"}],"about":[{"href":"https:\/\/portatilandaimes.com.br\/index.php?rest_route=\/wp\/v2\/types\/post"}],"author":[{"embeddable":true,"href":"https:\/\/portatilandaimes.com.br\/index.php?rest_route=\/wp\/v2\/users\/1"}],"replies":[{"embeddable":true,"href":"https:\/\/portatilandaimes.com.br\/index.php?rest_route=%2Fwp%2Fv2%2Fcomments&post=573265"}],"version-history":[{"count":1,"href":"https:\/\/portatilandaimes.com.br\/index.php?rest_route=\/wp\/v2\/posts\/573265\/revisions"}],"predecessor-version":[{"id":573267,"href":"https:\/\/portatilandaimes.com.br\/index.php?rest_route=\/wp\/v2\/posts\/573265\/revisions\/573267"}],"wp:attachment":[{"href":"https:\/\/portatilandaimes.com.br\/index.php?rest_route=%2Fwp%2Fv2%2Fmedia&parent=573265"}],"wp:term":[{"taxonomy":"category","embeddable":true,"href":"https:\/\/portatilandaimes.com.br\/index.php?rest_route=%2Fwp%2Fv2%2Fcategories&post=573265"},{"taxonomy":"post_tag","embeddable":true,"href":"https:\/\/portatilandaimes.com.br\/index.php?rest_route=%2Fwp%2Fv2%2Ftags&post=573265"}],"curies":[{"name":"wp","href":"https:\/\/api.w.org\/{rel}","templated":true}]}}